{"id":1988,"date":"2022-08-05T21:26:22","date_gmt":"2022-08-05T19:26:22","guid":{"rendered":"https:\/\/kvns.be\/?p=1988"},"modified":"2022-08-05T21:28:51","modified_gmt":"2022-08-05T19:28:51","slug":"overleg-over-nieuwe-veerboten-vlissingen-breskens","status":"publish","type":"post","link":"https:\/\/kvns.be\/overleg-over-nieuwe-veerboten-vlissingen-breskens\/","title":{"rendered":"Overleg over nieuwe veerboten Vlissingen-Breskens"},"content":{"rendered":"<div class=\"fusion-fullwidth fullwidth-box fusion-builder-row-1 fusion-flex-container nonhundred-percent-fullwidth non-hundred-percent-height-scrolling\" style=\"--awb-border-radius-top-left:0px;--awb-border-radius-top-right:0px;--awb-border-radius-bottom-right:0px;--awb-border-radius-bottom-left:0px;--awb-flex-wrap:wrap;\" ><div class=\"fusion-builder-row fusion-row fusion-flex-align-items-flex-start fusion-flex-content-wrap\" style=\"max-width:1216.8px;margin-left: calc(-4% \/ 2 );margin-right: calc(-4% \/ 2 );\"><div class=\"fusion-layout-column fusion_builder_column fusion-builder-column-0 fusion_builder_column_2_3 2_3 fusion-flex-column\" style=\"--awb-bg-size:cover;--awb-width-large:66.666666666667%;--awb-margin-top-large:0px;--awb-spacing-right-large:2.88%;--awb-margin-bottom-large:20px;--awb-spacing-left-large:2.88%;--awb-width-medium:100%;--awb-order-medium:0;--awb-spacing-right-medium:1.92%;--awb-spacing-left-medium:1.92%;--awb-width-small:100%;--awb-order-small:0;--awb-spacing-right-small:1.92%;--awb-spacing-left-small:1.92%;\"><div class=\"fusion-column-wrapper fusion-column-has-shadow fusion-flex-justify-content-flex-start fusion-content-layout-column\"><div class=\"fusion-text fusion-text-1\"><p><span style=\"font-weight: 400;\">Graag berichten we ook over veerdiensten in het onmiddellijke noorden van ons land, want deze zijn ook van belang voor wie op tocht wil gaan van bij ons.<br \/>\n<\/span><span style=\"font-weight: 400;\">Het is fijn dat onze zeer goede contacten met een aantal Nederlanders een goede bron van informatie zijn.<br \/>\n<\/span><span style=\"font-weight: 400;\">Westerschelde Ferry, de exploitant van de veerdienst Vlissingen-Breskens is in gesprek gegaan met de provincie Zeeland, eigenaar van de veerdienst. Men stelt voor om de veerboten die er tegenwoordig varen sneller te vervangen. De Willem Alexander en de Maxima staan nog in de boeken tot 2033. Maar het aantal storingen is de laatste tijd zodanig groot, dat er niet meer sprake kan zijn van een betrouwbare verbinding. Zo was er afgelopen week een storing aan de startmotor. Gevolg is dan dat er maar met \u00e9\u00e9n boot gevaren kan worden. De spitsdienst komt dan te vervallen, zodat er ook in de spitsuren slechts \u00e9\u00e9n boot per uur vaart.<br \/>\n<\/span><span style=\"font-weight: 400;\">Naar verluidt is de provincie welwillend om de afschrijving van de huidige veerboten naar voren te halen. Maar dat kost geld, en daarover moet de politiek van de provincie beslissen.<br \/>\n<\/span><span style=\"font-weight: 400;\">In dank overgenomen bericht van 13 07 2022 uit het nieuwsbulletin <a href=\"http:\/\/www.pontjes.nl\">pontjes.nl<\/a><\/span><\/p>\n<\/div><\/div><\/div><div class=\"fusion-layout-column fusion_builder_column fusion-builder-column-1 fusion_builder_column_1_3 1_3 fusion-flex-column\" style=\"--awb-bg-size:cover;--awb-width-large:33.333333333333%;--awb-margin-top-large:0px;--awb-spacing-right-large:5.76%;--awb-margin-bottom-large:20px;--awb-spacing-left-large:5.76%;--awb-width-medium:100%;--awb-order-medium:0;--awb-spacing-right-medium:1.92%;--awb-spacing-left-medium:1.92%;--awb-width-small:100%;--awb-order-small:0;--awb-spacing-right-small:1.92%;--awb-spacing-left-small:1.92%;\"><div class=\"fusion-column-wrapper fusion-column-has-shadow fusion-flex-justify-content-flex-start fusion-content-layout-column\"><div class=\"fusion-image-element \" style=\"--awb-caption-title-font-family:var(--h2_typography-font-family);--awb-caption-title-font-weight:var(--h2_typography-font-weight);--awb-caption-title-font-style:var(--h2_typography-font-style);--awb-caption-title-size:var(--h2_typography-font-size);--awb-caption-title-transform:var(--h2_typography-text-transform);--awb-caption-title-line-height:var(--h2_typography-line-height);--awb-caption-title-letter-spacing:var(--h2_typography-letter-spacing);\"><span class=\" fusion-imageframe imageframe-none imageframe-1 hover-type-none\" style=\"border:1px solid #b5b5b5;\"><img decoding=\"async\" width=\"300\" height=\"225\" title=\"Prinses Maxima nabij Vlissingen in 2015\" src=\"https:\/\/kvns.be\/wp-content\/uploads\/2022\/08\/Prinses-Maxima-nabij-Vlissingen-in-2015.jpg\" data-orig-src=\"https:\/\/kvns.be\/wp-content\/uploads\/2022\/08\/Prinses-Maxima-nabij-Vlissingen-in-2015-300x225.jpg\" alt class=\"lazyload img-responsive wp-image-1989\" srcset=\"data:image\/svg+xml,%3Csvg%20xmlns%3D%27http%3A%2F%2Fwww.w3.org%2F2000%2Fsvg%27%20width%3D%271024%27%20height%3D%27768%27%20viewBox%3D%270%200%201024%20768%27%3E%3Crect%20width%3D%271024%27%20height%3D%27768%27%20fill-opacity%3D%220%22%2F%3E%3C%2Fsvg%3E\" data-srcset=\"https:\/\/kvns.be\/wp-content\/uploads\/2022\/08\/Prinses-Maxima-nabij-Vlissingen-in-2015-200x150.jpg 200w, https:\/\/kvns.be\/wp-content\/uploads\/2022\/08\/Prinses-Maxima-nabij-Vlissingen-in-2015-400x300.jpg 400w, https:\/\/kvns.be\/wp-content\/uploads\/2022\/08\/Prinses-Maxima-nabij-Vlissingen-in-2015-600x450.jpg 600w, https:\/\/kvns.be\/wp-content\/uploads\/2022\/08\/Prinses-Maxima-nabij-Vlissingen-in-2015-800x600.jpg 800w, https:\/\/kvns.be\/wp-content\/uploads\/2022\/08\/Prinses-Maxima-nabij-Vlissingen-in-2015.jpg 1024w\" data-sizes=\"auto\" data-orig-sizes=\"(max-width: 1024px) 100vw, (max-width: 640px) 100vw, 400px\" \/><\/span><\/div><\/div><\/div><\/div><\/div>\n","protected":false},"excerpt":{"rendered":"","protected":false},"author":3593,"featured_media":0,"comment_status":"closed","ping_status":"closed","sticky":false,"template":"","format":"standard","meta":{"footnotes":""},"categories":[34],"tags":[],"class_list":["post-1988","post","type-post","status-publish","format-standard","hentry","category-vvveren-nieuws"],"yoast_head":"<!-- This site is optimized with the Yoast SEO plugin v27.5 - https:\/\/yoast.com\/product\/yoast-seo-wordpress\/ -->\n<title>Overleg over nieuwe veerboten Vlissingen-Breskens | KVNS<\/title>\n<meta name=\"robots\" content=\"noindex, follow\" \/>\n<meta property=\"og:locale\" content=\"nl_NL\" \/>\n<meta property=\"og:type\" content=\"article\" \/>\n<meta property=\"og:title\" content=\"Overleg over nieuwe veerboten Vlissingen-Breskens | KVNS\" \/>\n<meta property=\"og:url\" content=\"https:\/\/kvns.be\/overleg-over-nieuwe-veerboten-vlissingen-breskens\/\" \/>\n<meta property=\"og:site_name\" content=\"KVNS\" \/>\n<meta property=\"article:published_time\" content=\"2022-08-05T19:26:22+00:00\" \/>\n<meta property=\"article:modified_time\" content=\"2022-08-05T19:28:51+00:00\" \/>\n<meta name=\"author\" content=\"Walter Resseler\" \/>\n<meta name=\"twitter:card\" content=\"summary_large_image\" \/>\n<meta name=\"twitter:label1\" content=\"Geschreven door\" \/>\n\t<meta name=\"twitter:data1\" content=\"Walter Resseler\" \/>\n\t<meta name=\"twitter:label2\" content=\"Geschatte leestijd\" \/>\n\t<meta name=\"twitter:data2\" content=\"4 minuten\" \/>\n<script type=\"application\/ld+json\" class=\"yoast-schema-graph\">{\"@context\":\"https:\\\/\\\/schema.org\",\"@graph\":[{\"@type\":\"Article\",\"@id\":\"https:\\\/\\\/kvns.be\\\/overleg-over-nieuwe-veerboten-vlissingen-breskens\\\/#article\",\"isPartOf\":{\"@id\":\"https:\\\/\\\/kvns.be\\\/overleg-over-nieuwe-veerboten-vlissingen-breskens\\\/\"},\"author\":{\"name\":\"Walter Resseler\",\"@id\":\"https:\\\/\\\/kvns.be\\\/#\\\/schema\\\/person\\\/9d404fada5c031dea8d2e101fedaf73a\"},\"headline\":\"Overleg over nieuwe veerboten Vlissingen-Breskens\",\"datePublished\":\"2022-08-05T19:26:22+00:00\",\"dateModified\":\"2022-08-05T19:28:51+00:00\",\"mainEntityOfPage\":{\"@id\":\"https:\\\/\\\/kvns.be\\\/overleg-over-nieuwe-veerboten-vlissingen-breskens\\\/\"},\"wordCount\":1338,\"publisher\":{\"@id\":\"https:\\\/\\\/kvns.be\\\/#organization\"},\"articleSection\":[\"VVVeren Nieuws\"],\"inLanguage\":\"nl-NL\"},{\"@type\":\"WebPage\",\"@id\":\"https:\\\/\\\/kvns.be\\\/overleg-over-nieuwe-veerboten-vlissingen-breskens\\\/\",\"url\":\"https:\\\/\\\/kvns.be\\\/overleg-over-nieuwe-veerboten-vlissingen-breskens\\\/\",\"name\":\"Overleg over nieuwe veerboten Vlissingen-Breskens | KVNS\",\"isPartOf\":{\"@id\":\"https:\\\/\\\/kvns.be\\\/#website\"},\"datePublished\":\"2022-08-05T19:26:22+00:00\",\"dateModified\":\"2022-08-05T19:28:51+00:00\",\"inLanguage\":\"nl-NL\",\"potentialAction\":[{\"@type\":\"ReadAction\",\"target\":[\"https:\\\/\\\/kvns.be\\\/overleg-over-nieuwe-veerboten-vlissingen-breskens\\\/\"]}]},{\"@type\":\"WebSite\",\"@id\":\"https:\\\/\\\/kvns.be\\\/#website\",\"url\":\"https:\\\/\\\/kvns.be\\\/\",\"name\":\"KVNS\",\"description\":\"Koninklijke Vereniging voor Natuur- &amp; Stedenschoon\",\"publisher\":{\"@id\":\"https:\\\/\\\/kvns.be\\\/#organization\"},\"potentialAction\":[{\"@type\":\"SearchAction\",\"target\":{\"@type\":\"EntryPoint\",\"urlTemplate\":\"https:\\\/\\\/kvns.be\\\/?s={search_term_string}\"},\"query-input\":{\"@type\":\"PropertyValueSpecification\",\"valueRequired\":true,\"valueName\":\"search_term_string\"}}],\"inLanguage\":\"nl-NL\"},{\"@type\":\"Organization\",\"@id\":\"https:\\\/\\\/kvns.be\\\/#organization\",\"name\":\"KVNS\",\"url\":\"https:\\\/\\\/kvns.be\\\/\",\"logo\":{\"@type\":\"ImageObject\",\"inLanguage\":\"nl-NL\",\"@id\":\"https:\\\/\\\/kvns.be\\\/#\\\/schema\\\/logo\\\/image\\\/\",\"url\":\"https:\\\/\\\/kvns.be\\\/wp-content\\\/uploads\\\/2019\\\/07\\\/kvns_logo.jpg\",\"contentUrl\":\"https:\\\/\\\/kvns.be\\\/wp-content\\\/uploads\\\/2019\\\/07\\\/kvns_logo.jpg\",\"width\":160,\"height\":120,\"caption\":\"KVNS\"},\"image\":{\"@id\":\"https:\\\/\\\/kvns.be\\\/#\\\/schema\\\/logo\\\/image\\\/\"}},{\"@type\":\"Person\",\"@id\":\"https:\\\/\\\/kvns.be\\\/#\\\/schema\\\/person\\\/9d404fada5c031dea8d2e101fedaf73a\",\"name\":\"Walter Resseler\",\"image\":{\"@type\":\"ImageObject\",\"inLanguage\":\"nl-NL\",\"@id\":\"https:\\\/\\\/secure.gravatar.com\\\/avatar\\\/ed6bc919b902eac09cf828c647cfa1deee730244c7c4456a356ccb938c7ef1f1?s=96&d=mm&r=g\",\"url\":\"https:\\\/\\\/secure.gravatar.com\\\/avatar\\\/ed6bc919b902eac09cf828c647cfa1deee730244c7c4456a356ccb938c7ef1f1?s=96&d=mm&r=g\",\"contentUrl\":\"https:\\\/\\\/secure.gravatar.com\\\/avatar\\\/ed6bc919b902eac09cf828c647cfa1deee730244c7c4456a356ccb938c7ef1f1?s=96&d=mm&r=g\",\"caption\":\"Walter Resseler\"}}]}<\/script>\n<!-- \/ Yoast SEO plugin. -->","yoast_head_json":{"title":"Overleg over nieuwe veerboten Vlissingen-Breskens | KVNS","robots":{"index":"noindex","follow":"follow"},"og_locale":"nl_NL","og_type":"article","og_title":"Overleg over nieuwe veerboten Vlissingen-Breskens | KVNS","og_url":"https:\/\/kvns.be\/overleg-over-nieuwe-veerboten-vlissingen-breskens\/","og_site_name":"KVNS","article_published_time":"2022-08-05T19:26:22+00:00","article_modified_time":"2022-08-05T19:28:51+00:00","author":"Walter Resseler","twitter_card":"summary_large_image","twitter_misc":{"Geschreven door":"Walter Resseler","Geschatte leestijd":"4 minuten"},"schema":{"@context":"https:\/\/schema.org","@graph":[{"@type":"Article","@id":"https:\/\/kvns.be\/overleg-over-nieuwe-veerboten-vlissingen-breskens\/#article","isPartOf":{"@id":"https:\/\/kvns.be\/overleg-over-nieuwe-veerboten-vlissingen-breskens\/"},"author":{"name":"Walter Resseler","@id":"https:\/\/kvns.be\/#\/schema\/person\/9d404fada5c031dea8d2e101fedaf73a"},"headline":"Overleg over nieuwe veerboten Vlissingen-Breskens","datePublished":"2022-08-05T19:26:22+00:00","dateModified":"2022-08-05T19:28:51+00:00","mainEntityOfPage":{"@id":"https:\/\/kvns.be\/overleg-over-nieuwe-veerboten-vlissingen-breskens\/"},"wordCount":1338,"publisher":{"@id":"https:\/\/kvns.be\/#organization"},"articleSection":["VVVeren Nieuws"],"inLanguage":"nl-NL"},{"@type":"WebPage","@id":"https:\/\/kvns.be\/overleg-over-nieuwe-veerboten-vlissingen-breskens\/","url":"https:\/\/kvns.be\/overleg-over-nieuwe-veerboten-vlissingen-breskens\/","name":"Overleg over nieuwe veerboten Vlissingen-Breskens | KVNS","isPartOf":{"@id":"https:\/\/kvns.be\/#website"},"datePublished":"2022-08-05T19:26:22+00:00","dateModified":"2022-08-05T19:28:51+00:00","inLanguage":"nl-NL","potentialAction":[{"@type":"ReadAction","target":["https:\/\/kvns.be\/overleg-over-nieuwe-veerboten-vlissingen-breskens\/"]}]},{"@type":"WebSite","@id":"https:\/\/kvns.be\/#website","url":"https:\/\/kvns.be\/","name":"KVNS","description":"Koninklijke Vereniging voor Natuur- &amp; Stedenschoon","publisher":{"@id":"https:\/\/kvns.be\/#organization"},"potentialAction":[{"@type":"SearchAction","target":{"@type":"EntryPoint","urlTemplate":"https:\/\/kvns.be\/?s={search_term_string}"},"query-input":{"@type":"PropertyValueSpecification","valueRequired":true,"valueName":"search_term_string"}}],"inLanguage":"nl-NL"},{"@type":"Organization","@id":"https:\/\/kvns.be\/#organization","name":"KVNS","url":"https:\/\/kvns.be\/","logo":{"@type":"ImageObject","inLanguage":"nl-NL","@id":"https:\/\/kvns.be\/#\/schema\/logo\/image\/","url":"https:\/\/kvns.be\/wp-content\/uploads\/2019\/07\/kvns_logo.jpg","contentUrl":"https:\/\/kvns.be\/wp-content\/uploads\/2019\/07\/kvns_logo.jpg","width":160,"height":120,"caption":"KVNS"},"image":{"@id":"https:\/\/kvns.be\/#\/schema\/logo\/image\/"}},{"@type":"Person","@id":"https:\/\/kvns.be\/#\/schema\/person\/9d404fada5c031dea8d2e101fedaf73a","name":"Walter Resseler","image":{"@type":"ImageObject","inLanguage":"nl-NL","@id":"https:\/\/secure.gravatar.com\/avatar\/ed6bc919b902eac09cf828c647cfa1deee730244c7c4456a356ccb938c7ef1f1?s=96&d=mm&r=g","url":"https:\/\/secure.gravatar.com\/avatar\/ed6bc919b902eac09cf828c647cfa1deee730244c7c4456a356ccb938c7ef1f1?s=96&d=mm&r=g","contentUrl":"https:\/\/secure.gravatar.com\/avatar\/ed6bc919b902eac09cf828c647cfa1deee730244c7c4456a356ccb938c7ef1f1?s=96&d=mm&r=g","caption":"Walter Resseler"}}]}},"_links":{"self":[{"href":"https:\/\/kvns.be\/wp-json\/wp\/v2\/posts\/1988","targetHints":{"allow":["GET"]}}],"collection":[{"href":"https:\/\/kvns.be\/wp-json\/wp\/v2\/posts"}],"about":[{"href":"https:\/\/kvns.be\/wp-json\/wp\/v2\/types\/post"}],"author":[{"embeddable":true,"href":"https:\/\/kvns.be\/wp-json\/wp\/v2\/users\/3593"}],"replies":[{"embeddable":true,"href":"https:\/\/kvns.be\/wp-json\/wp\/v2\/comments?post=1988"}],"version-history":[{"count":0,"href":"https:\/\/kvns.be\/wp-json\/wp\/v2\/posts\/1988\/revisions"}],"wp:attachment":[{"href":"https:\/\/kvns.be\/wp-json\/wp\/v2\/media?parent=1988"}],"wp:term":[{"taxonomy":"category","embeddable":true,"href":"https:\/\/kvns.be\/wp-json\/wp\/v2\/categories?post=1988"},{"taxonomy":"post_tag","embeddable":true,"href":"https:\/\/kvns.be\/wp-json\/wp\/v2\/tags?post=1988"}],"curies":[{"name":"wp","href":"https:\/\/api.w.org\/{rel}","templated":true}]}}